{"id":2687,"date":"2021-07-03T12:23:44","date_gmt":"2021-07-03T15:23:44","guid":{"rendered":"https:\/\/ens10-caba.infd.edu.ar\/sitio\/?p=2687"},"modified":"2021-07-03T12:23:44","modified_gmt":"2021-07-03T15:23:44","slug":"llamado-a-seleccion-de-antecedentes-para-cubrir-interinatos-y-suplencias","status":"publish","type":"post","link":"https:\/\/ens10-caba.infd.edu.ar\/sitio\/llamado-a-seleccion-de-antecedentes-para-cubrir-interinatos-y-suplencias\/","title":{"rendered":"Llamado a selecci\u00f3n de antecedentes para cubrir interinatos y suplencias"},"content":{"rendered":"<p>La Rector\u00eda y el Consejo Directivo de la Escuela Normal Superior N\u00ba10 \u201cJuan Bautista Alberdi\u201d llaman a selecci\u00f3n de antecedentes para la cobertura de interinatos y suplencias de las siguientes Unidades Curriculares:<\/p>\n<ol>\n<li>Llamado a selecci\u00f3n de antecedentes para cubrir interinatos y\u00a0 suplencias\u00a0\u201c<strong>NUEVOS ESCENARIOS: Cultura, tecnolog\u00eda y subjetividad\u201d<\/strong><strong>\u00a0\u2013 del Campo de la Formaci\u00f3n General para los\u00a0<\/strong><strong>profesorados de Educaci\u00f3n Inicial y de Educaci\u00f3n Primaria \u2013 turnos\u00a0<\/strong><strong>tarde y vespertino\u00a0<a title=\"https:\/\/ens10-caba.infd.edu.ar\/sitio\/wp-content\/uploads\/2021\/07\/seleccion_NUEVOS-ESCENARIOS-vto.pdf\" href=\"https:\/\/ens10-caba.infd.edu.ar\/sitio\/wp-content\/uploads\/2021\/07\/seleccion_NUEVOS-ESCENARIOS-vto.pdf\" target=\"_blank\" rel=\"noopener\">descargar<\/a><\/strong><\/li>\n<li>Llamado a selecci\u00f3n de antecedentes para cubrir interinatos y\u00a0 suplencias\u00a0<strong>\u201cTaller de Dise\u00f1o de Proyectos de Ense\u00f1anza en Pr\u00e1cticas del Lenguaje\u201d &#8211; Taller del Campo de la Formaci\u00f3n de las Pr\u00e1cticas Profesionales del Profesorado de Educaci\u00f3n Primaria.\u00a0<a title=\"https:\/\/ens10-caba.infd.edu.ar\/sitio\/wp-content\/uploads\/2021\/07\/Llamado-selecci\u00f3n-TDPL_2021-vto.pdf\" href=\"https:\/\/ens10-caba.infd.edu.ar\/sitio\/wp-content\/uploads\/2021\/07\/Llamado-selecci%C3%B3n-TDPL_2021-vto.pdf\" target=\"_blank\" rel=\"noopener\">descargar<\/a><\/strong><\/li>\n<li>Llamado a selecci\u00f3n de antecedentes para cubrir interinatos y\u00a0 suplencias\u00a0<strong>\u201cEnse\u00f1anza de las Ciencias sociales 1\u201d y \u201cEnse\u00f1anza de las Ciencias sociales 2\u201d\u00a0<\/strong><strong>(Campo de la Formaci\u00f3n Espec\u00edfica,\u00a0 Profesorado de Educaci\u00f3n Primaria).\u00a0<a title=\"https:\/\/ens10-caba.infd.edu.ar\/sitio\/wp-content\/uploads\/2021\/07\/Llamado-Concurso-Ens-Cs-Sociales-1-y-2-vto.pdf\" href=\"https:\/\/ens10-caba.infd.edu.ar\/sitio\/wp-content\/uploads\/2021\/07\/Llamado-Concurso-Ens-Cs-Sociales-1-y-2-vto.pdf\" target=\"_blank\" rel=\"noopener\">descargar<\/a><\/strong><\/li>\n<li>Llamado a selecci\u00f3n de antecedentes para cubrir interinatos y\u00a0 suplencias\u00a0<strong>\u201c\u00c9tica, derechos humanos y construcci\u00f3n de ciudadan\u00eda\u201d\u00a0<\/strong><strong>(Campo de la Formaci\u00f3n Espec\u00edfica,\u00a0 Profesorado de Educaci\u00f3n Primaria).\u00a0<a title=\"https:\/\/ens10-caba.infd.edu.ar\/sitio\/wp-content\/uploads\/2021\/07\/Llamado-Concurso-Etica-vto.pdf\" href=\"https:\/\/ens10-caba.infd.edu.ar\/sitio\/wp-content\/uploads\/2021\/07\/Llamado-Concurso-Etica-vto.pdf\" target=\"_blank\" rel=\"noopener\">descargar<\/a><\/strong><\/li>\n<li>Llamado a selecci\u00f3n de antecedentes para cubrir interinatos y\u00a0 suplencias\u00a0<strong>\u201cEnse\u00f1anza de las Ciencias sociales 3\u201d\u00a0<\/strong><strong>(Campo de la Formaci\u00f3n Espec\u00edfica, Profesorado de Educaci\u00f3n Primaria).\u00a0<a title=\"https:\/\/ens10-caba.infd.edu.ar\/sitio\/wp-content\/uploads\/2021\/07\/Llamado-Concurso-Ens-de-las-Cs-Sociales-3-vto.pdf\" href=\"https:\/\/ens10-caba.infd.edu.ar\/sitio\/wp-content\/uploads\/2021\/07\/Llamado-Concurso-Ens-de-las-Cs-Sociales-3-vto.pdf\" target=\"_blank\" rel=\"noopener\">descargar<\/a><\/strong><\/li>\n<li>Llamado a selecci\u00f3n de antecedentes para cubrir interinatos y\u00a0 suplencias\u00a0<strong>\u201cSujetos de la Educaci\u00f3n Inicial III\u201d\u2013 Ateneo del Campo de la Formaci\u00f3n Espec\u00edfica del\u00a0 Profesorado de Educaci\u00f3n Inicial.\u00a0\u00a0<a title=\"https:\/\/ens10-caba.infd.edu.ar\/sitio\/wp-content\/uploads\/2021\/07\/Llamado-ENS-10-Sujetos-3-en-la-EI.pdf\" href=\"https:\/\/ens10-caba.infd.edu.ar\/sitio\/wp-content\/uploads\/2021\/07\/Llamado-ENS-10-Sujetos-3-en-la-EI.pdf\" target=\"_blank\" rel=\"noopener\">descargar<\/a><\/strong><\/li>\n<li>\u00a0Llamado a selecci\u00f3n de antecedentes para cubrir interinatos y\u00a0 suplencias\u00a0<strong>\u201cSujetos de la Educaci\u00f3n Inicial II\u201d\u2013 Asignatura del Campo de la Formaci\u00f3n Espec\u00edfica del Profesorado de Educaci\u00f3n Inicial.\u00a0<a title=\"https:\/\/ens10-caba.infd.edu.ar\/sitio\/wp-content\/uploads\/2021\/07\/Llamado-ENS-10-Sujetos-2-en-la-EI-vto.pdf\" href=\"https:\/\/ens10-caba.infd.edu.ar\/sitio\/wp-content\/uploads\/2021\/07\/Llamado-ENS-10-Sujetos-2-en-la-EI-vto.pdf\" target=\"_blank\" rel=\"noopener\">descargar<\/a><\/strong><\/li>\n<li>\u00a0Llamado a selecci\u00f3n de antecedentes para cubrir interinatos y\u00a0 suplencias\u00a0<strong>\u201cSujetos de la Educaci\u00f3n Inicial I\u201d\u2013 Asignatura del Campo de la Formaci\u00f3n Espec\u00edfica del Profesorado de Educaci\u00f3n Inicial.\u00a0\u00a0<a title=\"https:\/\/ens10-caba.infd.edu.ar\/sitio\/wp-content\/uploads\/2021\/07\/Llamado-ENS-10-Sujetos-1-en-la-EI.pdf\" href=\"https:\/\/ens10-caba.infd.edu.ar\/sitio\/wp-content\/uploads\/2021\/07\/Llamado-ENS-10-Sujetos-1-en-la-EI.pdf\" target=\"_blank\" rel=\"noopener\">descargar<\/a><\/strong><\/li>\n<\/ol>\n","protected":false},"excerpt":{"rendered":"<p>La Rector\u00eda y el Consejo Directivo de la Escuela Normal Superior N\u00ba10 \u201cJuan Bautista Alberdi\u201d llaman a selecci\u00f3n de antecedentes para la cobertura de interinatos y suplencias de las siguientes Unidades Curriculares: Llamado a selecci\u00f3n de antecedentes para cubrir interinatos y\u00a0 suplencias\u00a0\u201cNUEVOS ESCENARIOS: Cultura, tecnolog\u00eda y subjetividad\u201d\u00a0\u2013 del Campo de la Formaci\u00f3n General para los\u00a0profesorados &#8230; <a title=\"Llamado a selecci\u00f3n de antecedentes para cubrir interinatos y suplencias\" class=\"read-more\" href=\"https:\/\/ens10-caba.infd.edu.ar\/sitio\/llamado-a-seleccion-de-antecedentes-para-cubrir-interinatos-y-suplencias\/\" aria-label=\"More on Llamado a selecci\u00f3n de antecedentes para cubrir interinatos y suplencias\">[+]<\/a><\/p>\n","protected":false},"author":3017,"featured_media":0,"comment_status":"closed","ping_status":"closed","sticky":false,"template":"","format":"standard","meta":[],"categories":[21],"tags":[],"acf":[],"_links":{"self":[{"href":"https:\/\/ens10-caba.infd.edu.ar\/sitio\/wp-json\/wp\/v2\/posts\/2687"}],"collection":[{"href":"https:\/\/ens10-caba.infd.edu.ar\/sitio\/wp-json\/wp\/v2\/posts"}],"about":[{"href":"https:\/\/ens10-caba.infd.edu.ar\/sitio\/wp-json\/wp\/v2\/types\/post"}],"author":[{"embeddable":true,"href":"https:\/\/ens10-caba.infd.edu.ar\/sitio\/wp-json\/wp\/v2\/users\/3017"}],"replies":[{"embeddable":true,"href":"https:\/\/ens10-caba.infd.edu.ar\/sitio\/wp-json\/wp\/v2\/comments?post=2687"}],"version-history":[{"count":1,"href":"https:\/\/ens10-caba.infd.edu.ar\/sitio\/wp-json\/wp\/v2\/posts\/2687\/revisions"}],"predecessor-version":[{"id":2688,"href":"https:\/\/ens10-caba.infd.edu.ar\/sitio\/wp-json\/wp\/v2\/posts\/2687\/revisions\/2688"}],"wp:attachment":[{"href":"https:\/\/ens10-caba.infd.edu.ar\/sitio\/wp-json\/wp\/v2\/media?parent=2687"}],"wp:term":[{"taxonomy":"category","embeddable":true,"href":"https:\/\/ens10-caba.infd.edu.ar\/sitio\/wp-json\/wp\/v2\/categories?post=2687"},{"taxonomy":"post_tag","embeddable":true,"href":"https:\/\/ens10-caba.infd.edu.ar\/sitio\/wp-json\/wp\/v2\/tags?post=2687"}],"curies":[{"name":"wp","href":"https:\/\/api.w.org\/{rel}","templated":true}]}}