{"id":2757,"date":"2021-09-24T20:34:27","date_gmt":"2021-09-24T23:34:27","guid":{"rendered":"https:\/\/ens10-caba.infd.edu.ar\/sitio\/?p=2757"},"modified":"2021-09-24T20:34:28","modified_gmt":"2021-09-24T23:34:28","slug":"triste-noticia-3","status":"publish","type":"post","link":"https:\/\/ens10-caba.infd.edu.ar\/sitio\/triste-noticia-3\/","title":{"rendered":"Triste noticia"},"content":{"rendered":"\n<p>Con gran tristeza&nbsp; compartimos&nbsp; con la comunidad educativa que Juan Francisco Abeles, joven egresado promoci\u00f3n 2018&nbsp; del Profesorado de Ense\u00f1anza Primaria&nbsp; ha fallecido&nbsp; el mi\u00e9rcoles 22\/9\/21.Sus profesores&nbsp; y compa\u00f1eros lo recuerdan como una persona luminosa, brillante, comprometida y solidaria.&nbsp;Juan adem\u00e1s de ejercer su profesi\u00f3n como psic\u00f3logo, continu\u00f3 sus estudios en esta casa, siendo el primer par-tutor&nbsp; en Ciencias Naturales III , en el proyecto&nbsp; impulsado por la profesora Hanna.<\/p>\n\n\n\n<p>Acompa\u00f1amos&nbsp; y abrazamos a su familia y a todos quienes compartieron con Juan.<\/p>\n\n\n\n<p><\/p>\n\n\n\n<p>ENS10 Juan Bautista Alberdi<\/p>\n","protected":false},"excerpt":{"rendered":"<p>Con gran tristeza&nbsp; compartimos&nbsp; con la comunidad educativa que Juan Francisco Abeles, joven egresado promoci\u00f3n 2018&nbsp; del Profesorado de Ense\u00f1anza Primaria&nbsp; ha fallecido&nbsp; el mi\u00e9rcoles 22\/9\/21.Sus profesores&nbsp; y compa\u00f1eros lo recuerdan como una persona luminosa, brillante, comprometida y solidaria.&nbsp;Juan adem\u00e1s de ejercer su profesi\u00f3n como psic\u00f3logo, continu\u00f3 sus estudios en esta casa, siendo el primer &#8230; <a title=\"Triste noticia\" class=\"read-more\" href=\"https:\/\/ens10-caba.infd.edu.ar\/sitio\/triste-noticia-3\/\" aria-label=\"More on Triste noticia\">[+]<\/a><\/p>\n","protected":false},"author":3017,"featured_media":0,"comment_status":"open","ping_status":"open","sticky":false,"template":"","format":"standard","meta":[],"categories":[1],"tags":[],"acf":[],"_links":{"self":[{"href":"https:\/\/ens10-caba.infd.edu.ar\/sitio\/wp-json\/wp\/v2\/posts\/2757"}],"collection":[{"href":"https:\/\/ens10-caba.infd.edu.ar\/sitio\/wp-json\/wp\/v2\/posts"}],"about":[{"href":"https:\/\/ens10-caba.infd.edu.ar\/sitio\/wp-json\/wp\/v2\/types\/post"}],"author":[{"embeddable":true,"href":"https:\/\/ens10-caba.infd.edu.ar\/sitio\/wp-json\/wp\/v2\/users\/3017"}],"replies":[{"embeddable":true,"href":"https:\/\/ens10-caba.infd.edu.ar\/sitio\/wp-json\/wp\/v2\/comments?post=2757"}],"version-history":[{"count":1,"href":"https:\/\/ens10-caba.infd.edu.ar\/sitio\/wp-json\/wp\/v2\/posts\/2757\/revisions"}],"predecessor-version":[{"id":2758,"href":"https:\/\/ens10-caba.infd.edu.ar\/sitio\/wp-json\/wp\/v2\/posts\/2757\/revisions\/2758"}],"wp:attachment":[{"href":"https:\/\/ens10-caba.infd.edu.ar\/sitio\/wp-json\/wp\/v2\/media?parent=2757"}],"wp:term":[{"taxonomy":"category","embeddable":true,"href":"https:\/\/ens10-caba.infd.edu.ar\/sitio\/wp-json\/wp\/v2\/categories?post=2757"},{"taxonomy":"post_tag","embeddable":true,"href":"https:\/\/ens10-caba.infd.edu.ar\/sitio\/wp-json\/wp\/v2\/tags?post=2757"}],"curies":[{"name":"wp","href":"https:\/\/api.w.org\/{rel}","templated":true}]}}